{"id":1783,"date":"2015-09-07T12:09:38","date_gmt":"2015-09-07T11:09:38","guid":{"rendered":"http:\/\/stefanaumann.com\/gnadenlos\/?p=1783"},"modified":"2016-03-21T10:56:34","modified_gmt":"2016-03-21T09:56:34","slug":"geplantes-laufevent-2016-weserbergland","status":"publish","type":"post","link":"https:\/\/stefanaumann.com\/gnadenlos\/?p=1783","title":{"rendered":"Laufevent 2016: Weserbergland"},"content":{"rendered":"<p><a href=\"http:\/\/stefanaumann.com\/gnadenlos\/wp-content\/uploads\/2015\/09\/weser.png\"><img loading=\"lazy\" decoding=\"async\" class=\"alignnone size-full wp-image-1795\" src=\"http:\/\/stefanaumann.com\/gnadenlos\/wp-content\/uploads\/2015\/09\/weser.png\" alt=\"weser\" width=\"668\" height=\"693\" srcset=\"https:\/\/stefanaumann.com\/gnadenlos\/wp-content\/uploads\/2015\/09\/weser.png 668w, https:\/\/stefanaumann.com\/gnadenlos\/wp-content\/uploads\/2015\/09\/weser-289x300.png 289w\" sizes=\"auto, (max-width: 668px) 100vw, 668px\" \/><\/a><\/p>\n<p>Gesamtstrecke ca. 200 km<br \/>\nStart: Hannoversch M\u00fcnden<br \/>\nZiel: Porta Westfalica<\/p>\n<p><strong>Tag 1:<\/strong><br \/>\nHann. M\u00fcnden \u2013 Beverungen ca. 50 km<br \/>\n5 Unterabschnitte \u00e0 12 km<br \/>\n<strong><br \/>\nTag 2:<\/strong><br \/>\nBeverungen \u2013 Bodenwerder ca. 50 km<br \/>\n5 Unterabschnitte \u00e0 11 km<\/p>\n<p><strong>Tag 3:<\/strong><br \/>\nBeverungen \u2013 Rinteln ca. 50 km<br \/>\n5 Unterabschnitte \u00e0 11 km<\/p>\n<p><strong>Tag 4:<\/strong><br \/>\nRinteln \u2013 Porta Westfalica ca. 40 km<br \/>\n4 Unterabschnitte \u00e0 10 km<\/p>\n<p>Die einzelnen Tagesetappen werden in Unterabschnitte unterteilt, die ca. 10 \u2013 15 km lang sind. Am Ende eines jeden Unterabschnittes steht ein Verpflegungsfahrzeug. Am Ende der Tagesetappe wird in einem vorher gebuchten Hotel \u00fcbernachtet.<\/p>\n<p>Die Gestaltung des Laufes ist jedem frei gestellt. Man kann die ganze Strecke laufen. Man kann einzelne Etappen laufen und man kann auch einzelne Unterabschnitte laufen.<\/p>\n<p>Z.B. Am 1. Tag m\u00f6chte Max Mustermann vormittags eine Strecke laufen und sonst an dem Tag nicht mehr. Dann k\u00f6nnte er sich als Fahrer f\u00fcr das Begleitfahrzeug eintragen lassen.<\/p>\n<p>Am n\u00e4chsten Tag m\u00f6chte er nicht laufen sondern Pause machen und am 3. Tag evtl. wieder laufen. Alles m\u00f6glich. Oder jemand m\u00f6chte nur die ersten beiden Tage laufen und dann wieder nach Hause, weil er z.B. keinen Urlaub bekommt oder sonst keine Zeit hat. Geht nat\u00fcrlich auch.<\/p>\n<p>Es wird ein sehr flexibler Lauf werden, den es so wahrscheinlich nicht wieder geben wird. Ziel ist das Kaiser-Wilhelm-Denkmal in Porta Westfalica.<\/p>\n<p>Es ist geplant die Veranstaltung im April 2016 durchzuf\u00fchren, evtl. 12.4. \u2013 15.4. Es wird auf jeden Fall vorher ein Treffen geben, um alles durchzusprechen. Wer Lust hat daran teilzunehmen, bitte hier einen kurzen Kommentar hinterlassen.<\/p>\n","protected":false},"excerpt":{"rendered":"<div class=\"entry-summary\">\nGesamtstrecke ca. 200 km Start: Hannoversch M\u00fcnden Ziel: Porta Westfalica Tag 1: Hann. M\u00fcnden \u2013 Beverungen ca. 50 km 5 Unterabschnitte \u00e0 12 km Tag 2: Beverungen \u2013 Bodenwerder ca. 50 km&hellip;\n<\/div>\n<div class=\"link-more-container\"><a href=\"https:\/\/stefanaumann.com\/gnadenlos\/?p=1783\" class=\"link-more\" aria-label=\"Continue reading Laufevent 2016: Weserbergland\">Continue reading&hellip;<\/a><\/div>\n","protected":false},"author":1,"featured_media":1786,"comment_status":"open","ping_status":"open","sticky":false,"template":"","format":"standard","meta":{"footnotes":""},"categories":[4],"tags":[],"class_list":["post-1783","post","type-post","status-publish","format-standard","has-post-thumbnail","hentry","category-weserberglandtour-2016","entry","entry-type-post"],"_links":{"self":[{"href":"https:\/\/stefanaumann.com\/gnadenlos\/index.php?rest_route=\/wp\/v2\/posts\/1783","targetHints":{"allow":["GET"]}}],"collection":[{"href":"https:\/\/stefanaumann.com\/gnadenlos\/index.php?rest_route=\/wp\/v2\/posts"}],"about":[{"href":"https:\/\/stefanaumann.com\/gnadenlos\/index.php?rest_route=\/wp\/v2\/types\/post"}],"author":[{"embeddable":true,"href":"https:\/\/stefanaumann.com\/gnadenlos\/index.php?rest_route=\/wp\/v2\/users\/1"}],"replies":[{"embeddable":true,"href":"https:\/\/stefanaumann.com\/gnadenlos\/index.php?rest_route=%2Fwp%2Fv2%2Fcomments&post=1783"}],"version-history":[{"count":8,"href":"https:\/\/stefanaumann.com\/gnadenlos\/index.php?rest_route=\/wp\/v2\/posts\/1783\/revisions"}],"predecessor-version":[{"id":1796,"href":"https:\/\/stefanaumann.com\/gnadenlos\/index.php?rest_route=\/wp\/v2\/posts\/1783\/revisions\/1796"}],"wp:featuredmedia":[{"embeddable":true,"href":"https:\/\/stefanaumann.com\/gnadenlos\/index.php?rest_route=\/wp\/v2\/media\/1786"}],"wp:attachment":[{"href":"https:\/\/stefanaumann.com\/gnadenlos\/index.php?rest_route=%2Fwp%2Fv2%2Fmedia&parent=1783"}],"wp:term":[{"taxonomy":"category","embeddable":true,"href":"https:\/\/stefanaumann.com\/gnadenlos\/index.php?rest_route=%2Fwp%2Fv2%2Fcategories&post=1783"},{"taxonomy":"post_tag","embeddable":true,"href":"https:\/\/stefanaumann.com\/gnadenlos\/index.php?rest_route=%2Fwp%2Fv2%2Ftags&post=1783"}],"curies":[{"name":"wp","href":"https:\/\/api.w.org\/{rel}","templated":true}]}}